{"provider_url": "https://www.palmeirina.pe.leg.br", "title": "Gloss\u00e1rio", "html": "<p><strong>Introdu\u00e7\u00e3o</strong></p>\r\n<p>Este gloss\u00e1rio tem por finalidade apresentar ao cidad\u00e3o online, uma leitura compreensiva sobre os termos utilizados, a partir do conte\u00fado publicado.</p>\r\n<table>\r\n<tbody>\r\n<tr>\r\n<td>\r\n<p><strong><a name=\"GLOSSARIO\"></a>Ata</strong></p>\r\n</td>\r\n<td>\r\n<p>Registro escrito no qual se relata o que se passou em uma sess\u00e3o.</p>\r\n</td>\r\n</tr>\r\n<tr>\r\n<td>\r\n<p><strong>C\u00e2mara Municipal</strong></p>\r\n</td>\r\n<td>\r\n<p>\u00d3rg\u00e3o composto por vereadores (edis). \u00c9 o Poder Legislativo no Munic\u00edpio.</p>\r\n</td>\r\n</tr>\r\n<tr>\r\n<td>\r\n<p><strong>Comiss\u00f5es</strong></p>\r\n</td>\r\n<td>\r\n<p>\u00d3rg\u00e3os t\u00e9cnicos compostos de vereadores com o objetivo de estudar e emitir pareceres especializados quest\u00f5es de interesse espec\u00edfico. Existem as permanentes ou tempor\u00e1rias. As primeiras s\u00e3o as estabelecidas em regimento interno. As tempor\u00e1rias se dividem em parlamentar de inqu\u00e9rito (CPI) e especiais</p>\r\n</td>\r\n</tr>\r\n<tr>\r\n<td>\r\n<p><strong>Decreto do Executivo</strong></p>\r\n</td>\r\n<td>\r\n<p>De iniciativa do Executivo e serve para regulamenta\u00e7\u00e3o de leis e concess\u00e3o, modifica\u00e7\u00e3o ou extin\u00e7\u00e3o de direitos.</p>\r\n</td>\r\n</tr>\r\n<tr>\r\n<td>\r\n<p><strong>Decreto do Legislativo</strong></p>\r\n</td>\r\n<td>\r\n<p>De iniciativa do Legislativo e regula mat\u00e9rias de car\u00e1ter pol\u00edtico-administrativo que repercutem fora da C\u00e2mara Municipal.</p>\r\n</td>\r\n</tr>\r\n<tr>\r\n<td>\r\n<p><strong>Emenda</strong></p>\r\n</td>\r\n<td>\r\n<p>Propostas de altera\u00e7\u00f5es de um texto nos projetos em tramita\u00e7\u00e3o.</p>\r\n</td>\r\n</tr>\r\n<tr>\r\n<td>\r\n<p><strong>Ementa</strong></p>\r\n</td>\r\n<td>\r\n<p>Resume a mat\u00e9ria tratada antes do texto integral da Lei. Deve ser concisa, clara e real (o mesmo que Rubrica)</p>\r\n</td>\r\n</tr>\r\n<tr>\r\n<td>\r\n<p><strong>Indica\u00e7\u00e3o</strong></p>\r\n</td>\r\n<td>\r\n<p>Proposi\u00e7\u00e3o utilizada pelo vereador para qualquer apelo a \u00f3rg\u00e3o p\u00fablico municipal.</p>\r\n</td>\r\n</tr>\r\n<tr>\r\n<td>\r\n<p><strong>Legislatura</strong></p>\r\n</td>\r\n<td>\r\n<p>Espa\u00e7o de tempo para o qual os vereadores s\u00e3o eleitos (quatro anos).</p>\r\n</td>\r\n</tr>\r\n<tr>\r\n<td>\r\n<p>\u00a0<strong>Lei Complementar</strong></p>\r\n</td>\r\n<td>\r\n<p>Tipo de lei especial sobre determinados assuntos os quais a Lei Org\u00e2nica Municipal entende que, por sua import\u00e2ncia ou complexidade t\u00e9cnica, devem ser submetidas a uma formalidade maior antes de ingressarem no ordenamento jur\u00eddico. S\u00e3o exemplos: o C\u00f3digo Tribut\u00e1rio Municipal, o Estatuto dos Funcion\u00e1rios P\u00fablicos e suas respectivas altera\u00e7\u00f5es, dentre outros.</p>\r\n</td>\r\n</tr>\r\n<tr>\r\n<td>\r\n<p><strong>Lei Ordin\u00e1ria</strong></p>\r\n</td>\r\n<td>\r\n<p>A mais popular e conhecida das leis, por muitos referida simplesmente como lei. Geralmente trata de normas gerais e abstratas, visando a organiza\u00e7\u00e3o da vida coletiva.</p>\r\n</td>\r\n</tr>\r\n<tr>\r\n<td>\r\n<p><strong>Lei Org\u00e2nica</strong></p>\r\n</td>\r\n<td>\r\n<p>Conjunto de normas que estabelece as regras b\u00e1sicas de funcionamento da administra\u00e7\u00e3o e dos poderes municipais, determinando as atribui\u00e7\u00f5es do prefeito, da C\u00e2mara dos Vereadores, as pol\u00edticas p\u00fablicas de educa\u00e7\u00e3o, sa\u00fade, meio ambiente etc. \u00c9 como se fosse uma vers\u00e3o municipal da Constitui\u00e7\u00e3o Federal.</p>\r\n</td>\r\n</tr>\r\n<tr>\r\n<td>\r\n<p><strong>Mesa Diretora</strong></p>\r\n</td>\r\n<td>\r\n<p>\u00d3rg\u00e3o da C\u00e2mara Municipal encarregado de dirigir os trabalhos, com atribui\u00e7\u00f5es de natureza legislativa e administrativa.</p>\r\n</td>\r\n</tr>\r\n<tr>\r\n<td>\r\n<p><strong>Parecer</strong></p>\r\n</td>\r\n<td>\r\n<p>Pronunciamento das Comiss\u00f5es sobre assuntos submetidos a seu exame.</p>\r\n</td>\r\n</tr>\r\n<tr>\r\n<td>\r\n<p><strong>Parlamentar</strong></p>\r\n</td>\r\n<td>\r\n<p>Membro de uma Casa Legislativa.</p>\r\n</td>\r\n</tr>\r\n<tr>\r\n<td>\r\n<p><strong>Plen\u00e1rio</strong></p>\r\n</td>\r\n<td>\r\n<p>\u00c9 o conjunto de vereadores. Tamb\u00e9m \u00e9 o nome do espa\u00e7o f\u00edsico onde os vereadores se re\u00fanem.</p>\r\n</td>\r\n</tr>\r\n<tr>\r\n<td>\r\n<p><strong>Prazo</strong></p>\r\n</td>\r\n<td>\r\n<p>Espa\u00e7o de tempo durante o qual deve realizar-se alguma tarefa, atividade etc.</p>\r\n</td>\r\n</tr>\r\n<tr>\r\n<td>\r\n<p><strong>Projeto de Lei</strong></p>\r\n</td>\r\n<td>\r\n<p>Proposta escrita e articulada de um texto que se submete \u00e0 aprecia\u00e7\u00e3o do plen\u00e1rio, para discuss\u00e3o e vota\u00e7\u00e3o. Ap\u00f3s san\u00e7\u00e3o do chefe do Executivo, vira lei.</p>\r\n</td>\r\n</tr>\r\n<tr>\r\n<td>\r\n<p><strong>Proposi\u00e7\u00f5es</strong></p>\r\n</td>\r\n<td>\r\n<p>O mesmo que propositura. S\u00e3o os pedidos ou propostas dos vereadores, desde os projetos de lei, at\u00e9 as indica\u00e7\u00f5es, mo\u00e7\u00f5es e requerimentos.</p>\r\n</td>\r\n</tr>\r\n<tr>\r\n<td>\r\n<p><strong>Regimento Interno</strong></p>\r\n</td>\r\n<td>\r\n<p>Estipula as normas a serem seguidas por uma C\u00e2mara Municipal.</p>\r\n</td>\r\n</tr>\r\n<tr>\r\n<td>\r\n<p><strong>Resolu\u00e7\u00e3o</strong></p>\r\n</td>\r\n<td>\r\n<p>Regula internamente a organiza\u00e7\u00e3o da C\u00e2mara Municipal, nos aspectos processuais, administrativos, legislativos ou pol\u00edticos.</p>\r\n</td>\r\n</tr>\r\n<tr>\r\n<td>\r\n<p><strong>Recesso</strong></p>\r\n</td>\r\n<td>\r\n<p>Pausa dos trabalhos legislativos.</p>\r\n</td>\r\n</tr>\r\n<tr>\r\n<td>\r\n<p><strong>Sess\u00e3o Ordin\u00e1ria</strong></p>\r\n</td>\r\n<td>\r\n<p>Reuni\u00e3o dos vereadores que se realiza nos dias e horas predeterminadas pelo regimento interno da Casa Legislativa, independentemente de convoca\u00e7\u00e3o.</p>\r\n</td>\r\n</tr>\r\n<tr>\r\n<td>\r\n<p><strong>Sess\u00e3o Extraordin\u00e1ria</strong></p>\r\n</td>\r\n<td>\r\n<p>Depende de convoca\u00e7\u00e3o e realiza-se em dias e horas diversos dos previstos para as ordin\u00e1rias. Pode ser convocada pelo Presidente da Casa, ou pelo Prefeito Municipal durante o recesso parlamentar.</p>\r\n</td>\r\n</tr>\r\n<tr>\r\n<td>\r\n<p><strong>Sess\u00e3o Solene</strong></p>\r\n</td>\r\n<td>\r\n<p>Dedicada \u00e0 instala\u00e7\u00e3o de legislatura (posse do prefeito e dos vereadores) e tamb\u00e9m \u00e0 entrega de homenagens.</p>\r\n</td>\r\n</tr>\r\n<tr>\r\n<td>\r\n<p><strong>Sess\u00e3o Especia</strong></p>\r\n</td>\r\n<td>\r\n<p>Destinada a comemorar fato hist\u00f3rico ou importante para o munic\u00edpio.</p>\r\n</td>\r\n</tr>\r\n<tr>\r\n<td>\r\n<p><strong>Sess\u00e3o Legislativa</strong></p>\r\n</td>\r\n<td>\r\n<p>\u00c9 a subdivis\u00e3o da legislatura. Em cada legislatura, que \u00e9 de quatro anos, existem quatro sess\u00f5es legislativas, correspondentes e coincidentes a cada ano civil.</p>\r\n</td>\r\n</tr>\r\n<tr>\r\n<td>\r\n<p><strong>Vereador</strong></p>\r\n</td>\r\n<td>\r\n<p>Vem do verbo verear (velar pelo sossego e bem-estar da popula\u00e7\u00e3o de um munic\u00edpio), o mesmo que edil.</p>\r\n</td>\r\n</tr>\r\n</tbody>\r\n</table>", "author_name": "", "version": "1.0", "author_url": "https://www.palmeirina.pe.leg.br/author/plq", "provider_name": "C\u00e2mara Municipal de Palmeirina", "type": "rich"}